{"id":15345,"date":"2025-11-12T06:58:53","date_gmt":"2025-11-12T06:58:53","guid":{"rendered":"https:\/\/www.hateggeoparc.ro\/new\/?p=15345"},"modified":"2025-11-12T07:32:58","modified_gmt":"2025-11-12T07:32:58","slug":"prima-poteca-tematica-din-romania-cu-banda-desenata-inaugurata-in-geoparcul-international-unesco-tara-hategului","status":"publish","type":"post","link":"https:\/\/www.hateggeoparc.ro\/new\/index.php\/2025\/11\/12\/prima-poteca-tematica-din-romania-cu-banda-desenata-inaugurata-in-geoparcul-international-unesco-tara-hategului\/","title":{"rendered":"Prima potec\u0103 tematic\u0103 din Rom\u00e2nia cu band\u0103 desenat\u0103, inaugurat\u0103 \u00een Geoparcul Interna\u021bional UNESCO \u021aara Ha\u021begului"},"content":{"rendered":"<p>\u00cen satul Suseni, din comuna R\u00e2u de Mori, \u00een Geoparcul Interna\u021bional UNESCO \u021aara Ha\u021begului, a fost inaugurat\u0103 \u201e<strong><em>Poteca de poveste de la Cetatea Col\u021b<\/em><\/strong>\u201d. Este prima potec\u0103 tematic\u0103 din Rom\u00e2nia interpretat\u0103 prin benzi desenate \u0219i a avut ca surs\u0103 de inspira\u021bie romanul \u201eCastelul din Carpa\u021bi\u201d de Jules Verne.<\/p>\n<p>Noua potec\u0103, cu o lungime de pu\u021bin peste un kilometru, le ofer\u0103 vizitatorilor o experien\u021b\u0103 inedit\u0103 ce \u00eembin\u0103 arta, educa\u021bia \u0219i natura. De-a lungul traseului, panouri ilustrate de <strong><em>\u0218erban Andreescu<\/em><\/strong>, renumit autor \u0219i ilustrator de benzi desenate, redau \u00eentr-o form\u0103 grafic\u0103 captivant\u0103 romanul lui Jules Verne. Acestea sunt completate de panouri tematice dedicate biodiversit\u0103\u021bii, geodiversit\u0103\u021bii \u0219i patrimoniului cultural al zonei Cet\u0103\u021bii Col\u021b, parte din Geoparcul Interna\u021bional UNESCO \u021aara Ha\u021begului \u2013 Universitatea din Bucure\u0219ti.<\/p>\n<p>\u00cen foi\u0219orul de la intrarea pe traseu, turi\u0219tii \u00ee\u0219i pot face fotografii suvenir, iar la finalul acestuia sunt invita\u021bi s\u0103 descopere, scan\u00e2nd coduri QR, dou\u0103 legende locale \u00een format audio \u0219i o fi\u0219\u0103 de activit\u0103\u021bi educa\u021bionale, menite s\u0103 transforme drume\u021bia \u00eentr-o experien\u021b\u0103 de \u00eenv\u0103\u021bare interactiv\u0103. Cea mai mare parte a informa\u021biilor prezentate pe potec\u0103 este disponibil\u0103 bilingv, \u00een limba rom\u00e2n\u0103 \u0219i englez\u0103, pentru a facilita \u00een\u021belegerea con\u021binutului de c\u0103tre turi\u0219tii rom\u00e2ni \u0219i str\u0103ini. Tot \u00een foi\u0219orul amplasat l\u00e2ng\u0103 cetate, ace\u0219tia pot l\u0103sa feedback despre experien\u021ba tr\u0103it\u0103, contribuind la dezvoltarea ulterioar\u0103 a proiectului.<\/p>\n<p>Inaugurarea a reunit peste 60 de participan\u021bi, elevi, profesori, membri ai comunit\u0103\u021bii \u0219i reprezentan\u021bi ai partenerilor de proiect. Dup\u0103 vizita pe traseu, evenimentul a continuat la C\u0103minul Cultural R\u00e2u de Mori, unde a avut loc vernisajul expozi\u021biei de fotografie realizate de elevi \u0219i profesori \u00een timpul activit\u0103\u021bilor din proiect.<\/p>\n<p>Copiii au participat \u0219i la un atelier de desen sus\u021binut de ilustratorul \u0218erban Andreescu \u0219i la o interesant\u0103 discu\u021bie cu <strong><em>Dodo Ni\u021b\u0103<\/em><\/strong>, cel mai important critic \u0219i istoric rom\u00e2n\u00a0 de benzi desenate, pre\u0219edinte al Asocia\u021biei Bedefililor din Rom\u00e2nia. \u00cent\u00e2lnirea cu cei doi bedefili le-a oferit participan\u021bilor, mici \u0219i mari, ocazia de a afla mai multe despre procesul de creare a unei benzi desenate \u0219i despre modul \u00een care arta poate da via\u021b\u0103 pove\u0219tilor locale \u00eentr-un limbaj interna\u021bional.<\/p>\n<p><span style=\"font-weight: 400;\">\u201e<\/span><i><span style=\"font-weight: 400;\">Am mai v\u0103zut \u00een Europa astfel de interpretare cu benzi desenate \u00een traseele literare, \u00eens\u0103 este pentru prima dat\u0103 \u00een Rom\u00e2nia c\u00e2nd avem un astfel de traseu tematic<\/span><\/i><span style=\"font-weight: 400;\">\u201d a declarat criticul de benzi desenate Dodo Ni\u021b\u0103, prezent la inaugurare.<\/span><\/p>\n<p>Proiectul \u201ePoteca de poveste de la Cetatea Col\u021b\u201d este derulat de Asocia\u021bia Centrul de Resurse pentru Ac\u021biune Local\u0103 (CRAL), cu finan\u021bare din partea Funda\u021biei pentru Parteneriat \u0219i MOL Rom\u00e2nia, prin Programul Spa\u021bii Verzi \u2013 componenta Arii Naturale Protejate.<\/p>\n<p>Ini\u021biativa a fost realizat\u0103 \u00een parteneriat cu Prim\u0103ria Comunei R\u00e2u de Mori, Geoparcul Interna\u021bional UNESCO \u021aara Ha\u021begului \u2013 Universitatea din Bucure\u0219ti, \u0218colile Gimnaziale R\u00e2u de Mori, R\u0103chitova \u0219i Sarmizegetusa, SC Cuanet Media Travel SRL \u2013 administrator al portalului GO Hunedoara, cu sprijinul Bibliotecii R\u00e2u de Mori \u0219i al Crucii Ro\u0219ii Rom\u00e2ne, filiala Hunedoara.<\/p>\n<p>Proiectul creeaz\u0103 un model inovator de interpretare a patrimoniului natural \u0219i cultural prin art\u0103 \u0219i educa\u021bie, oferind comunit\u0103\u021bii locale \u0219i vizitatorilor un spa\u021biu de descoperire \u0219i reflec\u021bie. \u201ePoteca de poveste de la Cetatea Col\u021b\u201d devine astfel nu doar un traseu turistic, ci \u0219i un loc al dialogului dintre patrimoniu \u0219i creativitate.<\/p>\n","protected":false},"excerpt":{"rendered":"<p>\u00cen satul Suseni, din comuna R\u00e2u de Mori, \u00een Geoparcul Interna\u021bional UNESCO \u021aara Ha\u021begului, a fost inaugurat\u0103 \u201ePoteca de poveste de la Cetatea Col\u021b\u201d. Este prima potec\u0103 tematic\u0103 din Rom\u00e2nia &hellip; <a href=\"https:\/\/www.hateggeoparc.ro\/new\/index.php\/2025\/11\/12\/prima-poteca-tematica-din-romania-cu-banda-desenata-inaugurata-in-geoparcul-international-unesco-tara-hategului\/\" class=\"more-link\">Continue reading <span class=\"screen-reader-text\">Prima potec\u0103 tematic\u0103 din Rom\u00e2nia cu band\u0103 desenat\u0103, inaugurat\u0103 \u00een Geoparcul Interna\u021bional UNESCO \u021aara Ha\u021begului<\/span> <span class=\"meta-nav\">&rarr;<\/span><\/a><\/p>\n","protected":false},"author":4,"featured_media":15349,"comment_status":"closed","ping_status":"closed","sticky":false,"template":"","format":"standard","meta":{"_seopress_robots_primary_cat":"none","_seopress_titles_title":"","_seopress_titles_desc":"","_seopress_robots_index":"","footnotes":""},"categories":[239],"tags":[],"class_list":["post-15345","post","type-post","status-publish","format-standard","has-post-thumbnail","hentry","category-comunicate-de-presa"],"_links":{"self":[{"href":"https:\/\/www.hateggeoparc.ro\/new\/index.php\/wp-json\/wp\/v2\/posts\/15345","targetHints":{"allow":["GET"]}}],"collection":[{"href":"https:\/\/www.hateggeoparc.ro\/new\/index.php\/wp-json\/wp\/v2\/posts"}],"about":[{"href":"https:\/\/www.hateggeoparc.ro\/new\/index.php\/wp-json\/wp\/v2\/types\/post"}],"author":[{"embeddable":true,"href":"https:\/\/www.hateggeoparc.ro\/new\/index.php\/wp-json\/wp\/v2\/users\/4"}],"replies":[{"embeddable":true,"href":"https:\/\/www.hateggeoparc.ro\/new\/index.php\/wp-json\/wp\/v2\/comments?post=15345"}],"version-history":[{"count":2,"href":"https:\/\/www.hateggeoparc.ro\/new\/index.php\/wp-json\/wp\/v2\/posts\/15345\/revisions"}],"predecessor-version":[{"id":15351,"href":"https:\/\/www.hateggeoparc.ro\/new\/index.php\/wp-json\/wp\/v2\/posts\/15345\/revisions\/15351"}],"wp:featuredmedia":[{"embeddable":true,"href":"https:\/\/www.hateggeoparc.ro\/new\/index.php\/wp-json\/wp\/v2\/media\/15349"}],"wp:attachment":[{"href":"https:\/\/www.hateggeoparc.ro\/new\/index.php\/wp-json\/wp\/v2\/media?parent=15345"}],"wp:term":[{"taxonomy":"category","embeddable":true,"href":"https:\/\/www.hateggeoparc.ro\/new\/index.php\/wp-json\/wp\/v2\/categories?post=15345"},{"taxonomy":"post_tag","embeddable":true,"href":"https:\/\/www.hateggeoparc.ro\/new\/index.php\/wp-json\/wp\/v2\/tags?post=15345"}],"curies":[{"name":"wp","href":"https:\/\/api.w.org\/{rel}","templated":true}]}}